{"provider_url": "https://www.al.pi.leg.br", "title": "Dr H\u00e9lio comemora atendimento no CER IV, em Parna\u00edba", "html": "<div style=\"text-align: justify; \">\r\n<p>O deputado estadual Dr. H\u00e9lio (MDB), esteve reunido com o secret\u00e1rio de Estado para Inclus\u00e3o da Pessoa com Defici\u00eancia (Seid), Mauro Eduardo Cardoso, para anunciar que o Centro Especializado em Reabilita\u00e7\u00e3o (CER) de Parna\u00edba est\u00e1 habilitado para se tornar um CER IV. O centro disponibiliza atendimento \u00e0s pessoas com defici\u00eancias auditivas, intelectual, visual, motora e autismo, al\u00e9m de uma oficina ortop\u00e9dica que ser\u00e1 inaugurada em breve. Dr. H\u00e9lio Oliveira destinou R$ 600 mil para a compra de equipamentos. O empreendimento \u00e9 necess\u00e1rio para refor\u00e7ar e prestar mais servi\u00e7os de cuidados e tratamentos para as pessoas com defici\u00eancia.</p>\r\n<p><br />\u201cParna\u00edba ser\u00e1, seguramente, a capital da inclus\u00e3o. Ao lado do nosso secret\u00e1rio Mauro Eduardo da Seid. A nossa luta em levar o CER IV para Parna\u00edba. Eu, o Mauro, a deputada Rejane e o ex-governador e atual ministro Wellington Dias lutamos por esta grande conquista \u00e0 plan\u00edcie litor\u00e2nea, com realiza\u00e7\u00e3o na gest\u00e3o do governador Rafael Fonteles. A oficina ortop\u00e9dica ter\u00e1 fabrica\u00e7\u00e3o pr\u00f3pria, j\u00e1 com a obra f\u00edsica conclu\u00edda, foi publicado o edital para aquisi\u00e7\u00e3o dos equipamentos, e em breve tamb\u00e9m n\u00f3s vamos entregar esse importante instrumento de reabilita\u00e7\u00e3o\u201d, ressalta Dr. H\u00e9lio.</p>\r\n<p><br />O secret\u00e1rio de Inclus\u00e3o da Pessoa com Defici\u00eancia, Mauro Eduardo, comemora mais esta conquista as pessoas que precisam de um atendimento especializado. \u201cParna\u00edba ser\u00e1 tamb\u00e9m a capital da inclus\u00e3o, aqui com o trabalho do deputado Dr. H\u00e9lio, encabe\u00e7ada pela determina\u00e7\u00e3o do governador Rafael Fonteles, de que n\u00f3s tenhamos que trabalhar para melhorar a qualidade de vida das pessoas com defici\u00eancia de todo o Estado do Piau\u00ed e Parna\u00edba \u00e9 uma refer\u00eancia. \u00c9 uma uni\u00e3o de esfor\u00e7os para que esse sonho pudesse se tornar realidade\u201d, frisa.</p>\r\n<p>\u00a0</p>\r\n<p>Ascom Parlamentar - Edi\u00e7\u00e3o: Katya D'Angelles</p>\r\n</div>", "author_name": "", "version": "1.0", "author_url": "https://www.al.pi.leg.br/author/kattya", "provider_name": "Assembleia Legislativa do Piau\u00ed", "type": "rich"}